{"id":1433,"__str__":"Autoria: Rob\u00e9rio Cabeleireiro - Indica\u00e7\u00e3o n\u00ba 102 de 2023","link_detail_backend":"/materia/autoria/1433","metadata":{},"primeiro_autor":true,"autor":27,"materia":1150}