{"id":48,"__str__":"Indica\u00e7\u00e3o - Indica\u00e7\u00e3o n\u00ba 189 de 2021 de 04/08/2021 por Rob\u00e9rio Cabeleireiro","link_detail_backend":"/materia/documentoacessorio/48","metadata":{},"nome":"Indica\u00e7\u00e3o n\u00ba 189 de 2021","data":"2021-08-04","autor":"Rob\u00e9rio Cabeleireiro","ementa":"Que seja feita a reforma da Unidade Escolar dos Pastores, recuperando o telhado, a pintura e o ro\u00e7o.","indexacao":"","arquivo":"http://sapl.corrente.pi.leg.br/media/sapl/public/documentoacessorio/2021/48/indicacao_no_189_de_2021-_roberio_cabeleleleiro.pdf","data_ultima_atualizacao":"2021-08-04T00:52:22.366698-03:00","materia":553,"tipo":21}