{"id":1051,"__str__":"Memorando n\u00ba 1 de 2023","link_detail_backend":"/materia/1051","metadata":{},"numero":1,"ano":2023,"numero_protocolo":null,"data_apresentacao":"2023-03-15","tipo_apresentacao":"E","data_publicacao":null,"numero_origem_externa":"","ano_origem_externa":null,"data_origem_externa":null,"apelido":"","dias_prazo":null,"data_fim_prazo":null,"em_tramitacao":true,"polemica":false,"objeto":"","complementar":false,"ementa":"A Exma\u00aa. Sr\u00aa. Vereadora Ad\u00e9lia de Souza Corado/ Convoca\u00e7\u00e3o para Sess\u00e3o Extraordin\u00e1ria em 16/03/2023","indexacao":"","observacao":"","resultado":"","texto_original":"http://sapl.corrente.pi.leg.br/media/sapl/public/materialegislativa/2023/1051/memo_o_001-2023.pdf","data_ultima_atualizacao":"2023-03-23T11:47:34.027419-03:00","ip":"45.237.1.253","ultima_edicao":"2023-03-23T11:44:45.514698-03:00","tipo":30,"regime_tramitacao":6,"tipo_origem_externa":null,"local_origem_externa":null,"user":7,"anexadas":[],"autores":[9]}