{"id":1507,"__str__":"Oficio Legislativo n\u00ba 25 de 2025","link_detail_backend":"/materia/1507","metadata":{},"numero":25,"ano":2025,"numero_protocolo":null,"data_apresentacao":"2025-08-18","tipo_apresentacao":"E","data_publicacao":null,"numero_origem_externa":"","ano_origem_externa":null,"data_origem_externa":null,"apelido":"","dias_prazo":null,"data_fim_prazo":null,"em_tramitacao":true,"polemica":false,"objeto":"","complementar":false,"ementa":"Que seja encaminhado o REQUERIMENTO ao SECRET\u00c1RIO DE SA\u00daDE Sr. Thiago Cardozo, para colocar profissionais de Sa\u00fade da Secretaria Municipal de Sa\u00fade para Ievar a\u00e7\u00f5es no m\u00eas de setembro, no per\u00edodo do festejo da localidade Fazenda de Cima. Exemplos de a\u00e7\u00f5es que podem ser realizadas.","indexacao":"","observacao":"","resultado":"","texto_original":"http://sapl.corrente.pi.leg.br/media/sapl/public/materialegislativa/2025/1507/requerimento_no_25_de_2025.pdf","data_ultima_atualizacao":"2025-10-15T12:35:30.226814-03:00","ip":"45.237.1.135","ultima_edicao":"2025-10-15T12:08:16.080275-03:00","tipo":26,"regime_tramitacao":6,"tipo_origem_externa":null,"local_origem_externa":null,"user":7,"anexadas":[],"autores":[31]}